{"id":45412,"date":"2026-04-30T14:54:29","date_gmt":"2026-04-30T12:54:29","guid":{"rendered":"https:\/\/pl-ua.eu\/?p=45412"},"modified":"2026-04-30T14:54:32","modified_gmt":"2026-04-30T12:54:32","slug":"zglos-wydarzenie-do-inicjatywy-funduszowy-maj-2026","status":"publish","type":"post","link":"https:\/\/pl-ua.eu\/pl\/zglos-wydarzenie-do-inicjatywy-funduszowy-maj-2026\/","title":{"rendered":"Zg\u0142o\u015b wydarzenie do inicjatywy Funduszowy Maj 2026"},"content":{"rendered":"\n<p>Zach\u0119camy polskich partner\u00f3w projekt\u00f3w do w\u0142\u0105czenia si\u0119 w og\u00f3lnopolsk\u0105 inicjatyw\u0119 <strong>Funduszowy Maj 2026<\/strong>, kt\u00f3r\u0105 organizuje Ministerstwo Funduszy i Polityki Regionalnej. To dobra okazja, aby zaprezentowa\u0107 rezultaty projekt\u00f3w i zwi\u0119kszy\u0107 ich rozpoznawalno\u015b\u0107 w\u015br\u00f3d mieszka\u0144c\u00f3w obszaru wsparcia.<\/p>\n\n\n\n<p>Funduszowy Maj to nowa ods\u0142ona znanych Dni Funduszy Europejskich. Najwa\u017cniejsza zmiana? Wydarzenia mog\u0105 odbywa\u0107 si\u0119 przez <strong>ca\u0142y maj<\/strong>, a nie tylko w jeden weekend. To wi\u0119cej czasu, wi\u0119cej mo\u017cliwo\u015bci i wi\u0119ksza promocja projekt\u00f3w.<\/p>\n\n\n\n<p><strong>Dlaczego warto?<\/strong><\/p>\n\n\n\n<p>W maju, &nbsp;miesi\u0105cu szczeg\u00f3lnym dla Europy, m.in. ze wzgl\u0119du na Dzie\u0144 Europy, w ca\u0142ej Polsce prezentowane s\u0105 miejsca i inicjatywy powsta\u0142e dzi\u0119ki wsparciu UE. To doskona\u0142a okazja, aby:<\/p>\n\n\n\n<ul class=\"wp-block-list\">\n<li>zaprezentowa\u0107 rezultaty projektu,<\/li>\n\n\n\n<li>dotrze\u0107 do nowych odbiorc\u00f3w,<\/li>\n\n\n\n<li>zaanga\u017cowa\u0107 lokaln\u0105 spo\u0142eczno\u015b\u0107,<\/li>\n\n\n\n<li>wzmocni\u0107 promocj\u0119 dzia\u0142a\u0144 Programu.<\/li>\n<\/ul>\n\n\n\n<p><strong>Jakie wydarzenia mo\u017cna zg\u0142osi\u0107?<\/strong><\/p>\n\n\n\n<p>Zach\u0119camy do zg\u0142aszania r\u00f3\u017cnorodnych inicjatyw, m.in.:<\/p>\n\n\n\n<ul class=\"wp-block-list\">\n<li>wydarze\u0144 rozrywkowych (np. pikniki rodzinne),<\/li>\n\n\n\n<li>edukacyjnych (warsztaty, szkolenia, zaj\u0119cia),<\/li>\n\n\n\n<li>sportowych (rajdy, biegi, sp\u0142ywy),<\/li>\n\n\n\n<li>kulturalnych (koncerty, wystawy, zwiedzanie).<\/li>\n<\/ul>\n\n\n\n<p>Wa\u017cne: wszystkie wydarzenia musz\u0105 by\u0107 <strong>bezp\u0142atne dla uczestnik\u00f3w<\/strong>.<\/p>\n\n\n\n<p><strong>Jak zg\u0142osi\u0107 wydarzenie?<\/strong><\/p>\n\n\n\n<ol start=\"1\" class=\"wp-block-list\">\n<li>Przygotuj opis wydarzenia i opublikuj go na swojej stronie internetowej.<\/li>\n\n\n\n<li><strong><u>Wype\u0142nij fiszk\u0119 zg\u0142oszeniow\u0105<\/u><\/strong> i wy\u015blij na mail <a href=\"mailto:agnieszka.cwikla@pl-ua.eu\">agnieszka.cwikla@pl-ua.eu<\/a> oraz <a href=\"mailto:monika.kozlowska@pl-ue.eu\">monika.kozlowska@pl-ue.eu<\/a> \u00a0<\/li>\n\n\n\n<li>Po akceptacji wydarzenie pojawi si\u0119 na stronie akcji (z linkiem do strony partnera projektu).<\/li>\n<\/ol>\n\n\n\n<p><strong>Materia\u0142y promocyjne<\/strong><\/p>\n\n\n\n<p>Organizatorzy przygotowali <strong>gotowe materia\u0142y<\/strong> (grafiki, szablony do druku i social medi\u00f3w), kt\u00f3re pomog\u0105 w promocji wydarzenia. Warto z nich skorzysta\u0107, aby zachowa\u0107 sp\u00f3jn\u0105 identyfikacj\u0119 akcji.<\/p>\n\n\n\n<p><strong>Nie czekaj \u2013 zg\u0142oszenia ju\u017c trwaj\u0105!<\/strong><br>W\u0142\u0105cz si\u0119 w Funduszowy Maj 2026 i poka\u017c, jak Tw\u00f3j projekt przyczynia si\u0119 do pozytywnych zmian w regionie.<\/p>\n","protected":false},"excerpt":{"rendered":"<p>Zach\u0119camy polskich partner\u00f3w projekt\u00f3w do w\u0142\u0105czenia si\u0119 w og\u00f3lnopolsk\u0105 inicjatyw\u0119 Funduszowy Maj 2026, kt\u00f3r\u0105 organizuje Ministerstwo Funduszy i Polityki Regionalnej. To dobra okazja, aby zaprezentowa\u0107 rezultaty projekt\u00f3w i zwi\u0119kszy\u0107 ich rozpoznawalno\u015b\u0107 w\u015br\u00f3d mieszka\u0144c\u00f3w obszaru wsparcia. Funduszowy Maj to nowa ods\u0142ona znanych Dni Funduszy Europejskich. Najwa\u017cniejsza zmiana? Wydarzenia mog\u0105 odbywa\u0107 si\u0119 przez ca\u0142y maj, a nie [&hellip;]<\/p>\n","protected":false},"author":25,"featured_media":45417,"comment_status":"closed","ping_status":"closed","sticky":false,"template":"","format":"standard","meta":{"_acf_changed":false,"inline_featured_image":false,"_themeisle_gutenberg_block_has_review":false,"footnotes":"","_links_to":"","_links_to_target":""},"categories":[3],"tags":[],"class_list":["post-45412","post","type-post","status-publish","format-standard","has-post-thumbnail","hentry","category-aktualnosci"],"acf":[],"publishpress_future_action":{"enabled":false,"date":"2026-05-07 18:24:39","action":"change-status","newStatus":"draft","terms":[],"taxonomy":"category","extraData":[]},"publishpress_future_workflow_manual_trigger":{"enabledWorkflows":[]},"_links":{"self":[{"href":"https:\/\/pl-ua.eu\/pl\/wp-json\/wp\/v2\/posts\/45412","targetHints":{"allow":["GET"]}}],"collection":[{"href":"https:\/\/pl-ua.eu\/pl\/wp-json\/wp\/v2\/posts"}],"about":[{"href":"https:\/\/pl-ua.eu\/pl\/wp-json\/wp\/v2\/types\/post"}],"author":[{"embeddable":true,"href":"https:\/\/pl-ua.eu\/pl\/wp-json\/wp\/v2\/users\/25"}],"replies":[{"embeddable":true,"href":"https:\/\/pl-ua.eu\/pl\/wp-json\/wp\/v2\/comments?post=45412"}],"version-history":[{"count":1,"href":"https:\/\/pl-ua.eu\/pl\/wp-json\/wp\/v2\/posts\/45412\/revisions"}],"predecessor-version":[{"id":45414,"href":"https:\/\/pl-ua.eu\/pl\/wp-json\/wp\/v2\/posts\/45412\/revisions\/45414"}],"wp:featuredmedia":[{"embeddable":true,"href":"https:\/\/pl-ua.eu\/pl\/wp-json\/wp\/v2\/media\/45417"}],"wp:attachment":[{"href":"https:\/\/pl-ua.eu\/pl\/wp-json\/wp\/v2\/media?parent=45412"}],"wp:term":[{"taxonomy":"category","embeddable":true,"href":"https:\/\/pl-ua.eu\/pl\/wp-json\/wp\/v2\/categories?post=45412"},{"taxonomy":"post_tag","embeddable":true,"href":"https:\/\/pl-ua.eu\/pl\/wp-json\/wp\/v2\/tags?post=45412"}],"curies":[{"name":"wp","href":"https:\/\/api.w.org\/{rel}","templated":true}]}}